{"id":565,"date":"2017-08-19T06:50:06","date_gmt":"2017-08-19T04:50:06","guid":{"rendered":"http:\/\/dabars.de\/blog\/?p=565"},"modified":"2017-11-07T16:10:16","modified_gmt":"2017-11-07T15:10:16","slug":"zu-frueh-zu-spaet-und-ein-fehler","status":"publish","type":"post","link":"https:\/\/dabars.de\/blog\/zu-frueh-zu-spaet-und-ein-fehler\/","title":{"rendered":"Zu fr\u00fch, zu sp\u00e4t und ein &#8222;Fehler&#8220; (und: zu schnell)"},"content":{"rendered":"<p><strong>(aktualisiert am 20.08.2017!)<\/strong><\/p>\n<p>Haben Sie gestern Abend die &#8222;tagesthemen&#8220; im <em>Ersten<\/em> gesehen? Ja? Ist Ihnen da ein Fehler aufgefallen? Mir erstmal nicht! Schaut man die Sendung jedoch im Netz nach, dann kann man <a href=\"http:\/\/www.tagesschau.de\/multimedia\/sendung\/tt-5445.html\">dort<\/a> lesen, dass die Sendung ver\u00e4ndert wurde, weil es einen Fehler gegeben habe, als der erste Beitrag gelaufen war.<!--more--><\/p>\n<p>Naja, im Netz ist nun tats\u00e4chlich auch ein anderer Beitrag zu finden als zun\u00e4chst gesendet. In der Sendung startet &#8211; wie angek\u00fcndigt &#8211; ein Beitrag von Gerrit Rudolph. Im Netz fehlt die Namensank\u00fcndigung und es folgt ein Beitrag von Jan-Peter Bartels.<\/p>\n<p>Dann schreiben Sie das doch auch bitte hin, liebe <em>tagesthemen<\/em>, dass Sie im Netz \u00a0einen anderen Beitrag eingebaut haben als gesendet! Der kurze Text unter dem Video bleibt da sehr ungenau, spricht von einem &#8222;Fehler&#8220;. Naja, nun wissen wir ja, worin der Fehler wohl lag: falscher Beitrag.<\/p>\n<p>Sp\u00e4ter in der Nacht dann erneut eine ARD-aktuell-Sendung, bei der etwas wohl nicht so geplant war: Man h\u00f6rt die Moderatorin noch vor der Titelmusik. Kaum hat n\u00e4mlich Max Moor den Trailer f\u00fcr die Sendung &#8222;ttt&#8220; abmoderiert und kaum ist der blaue Bildschirm mit der Uhr zu sehen, schon h\u00f6rt man die Moderatorin Anna Planken! Da war das Mikrofon zu fr\u00fch auf!<\/p>\n<p>Zu lange offen war \u00fcbrigens wenige Stunden zuvor ein Mikrofon beim ZDF, denn w\u00e4hrend des Abspanns der Fu\u00dfballsendung war Oliver Kahn noch zu h\u00f6ren.<\/p>\n<p>Fehler passieren bei den besten Fernsehsendern! Finde ich aber gar nicht so schlimm, was h\u00e4tte ich sonst heute schreiben sollen? \ud83d\ude09<\/p>\n<p>\u00dcbrigens: Die aktuelle &#8222;Nachtmagazin&#8220;-Sendung steht noch nicht online (Stand: <strong>6:49 Uhr<\/strong>); Ob die Worte vor der Titelmusik f\u00fcrs Internet entfernt wurden kann ich damit nicht pr\u00fcfen.<\/p>\n<p><strong>Updates (vom 20.08.2017):<\/strong><\/p>\n<p>1. Die Worte vor der Titelmusik wurden f\u00fcrs Netz entfernt:\u00a0http:\/\/www.tagesschau.de\/multimedia\/sendung\/nm-4445.html<\/p>\n<p>2. <strong>zu schnell!<\/strong> Vor etwa einer halben Stunde lief im Ersten wieder eine &#8222;tagesschau&#8220;-Sendung, Diesmal war es aber umgekehrt: Der Sprecher, Jan Hofer, sprach noch die Abmoderation, und die Schlussmusik f\u00e4llt ihm ins Wort!<\/p>\n","protected":false},"excerpt":{"rendered":"<p>(aktualisiert am 20.08.2017!) Haben Sie gestern Abend die &#8222;tagesthemen&#8220; im Ersten gesehen? Ja? Ist Ihnen da ein Fehler aufgefallen? Mir erstmal nicht! Schaut man die Sendung jedoch im Netz nach, dann kann man dort lesen, dass die Sendung ver\u00e4ndert wurde, weil es einen Fehler gegeben habe, als der erste Beitrag gelaufen war.<\/p>\n","protected":false},"author":2,"featured_media":0,"comment_status":"closed","ping_status":"open","sticky":false,"template":"","format":"standard","meta":{"footnotes":""},"categories":[1,2],"tags":[87,9,139,145,144,143],"class_list":["post-565","post","type-post","status-publish","format-standard","hentry","category-allgemein","category-fernsehen","tag-ard","tag-ehrlichkeit","tag-fehler","tag-panne","tag-schnell","tag-tagesthemen"],"_links":{"self":[{"href":"https:\/\/dabars.de\/blog\/wp-json\/wp\/v2\/posts\/565","targetHints":{"allow":["GET"]}}],"collection":[{"href":"https:\/\/dabars.de\/blog\/wp-json\/wp\/v2\/posts"}],"about":[{"href":"https:\/\/dabars.de\/blog\/wp-json\/wp\/v2\/types\/post"}],"author":[{"embeddable":true,"href":"https:\/\/dabars.de\/blog\/wp-json\/wp\/v2\/users\/2"}],"replies":[{"embeddable":true,"href":"https:\/\/dabars.de\/blog\/wp-json\/wp\/v2\/comments?post=565"}],"version-history":[{"count":5,"href":"https:\/\/dabars.de\/blog\/wp-json\/wp\/v2\/posts\/565\/revisions"}],"predecessor-version":[{"id":636,"href":"https:\/\/dabars.de\/blog\/wp-json\/wp\/v2\/posts\/565\/revisions\/636"}],"wp:attachment":[{"href":"https:\/\/dabars.de\/blog\/wp-json\/wp\/v2\/media?parent=565"}],"wp:term":[{"taxonomy":"category","embeddable":true,"href":"https:\/\/dabars.de\/blog\/wp-json\/wp\/v2\/categories?post=565"},{"taxonomy":"post_tag","embeddable":true,"href":"https:\/\/dabars.de\/blog\/wp-json\/wp\/v2\/tags?post=565"}],"curies":[{"name":"wp","href":"https:\/\/api.w.org\/{rel}","templated":true}]}}