{"id":34,"date":"2014-06-30T19:20:55","date_gmt":"2014-06-30T18:20:55","guid":{"rendered":"http:\/\/rdabars.lima-city.de\/blog\/?p=34"},"modified":"2014-06-30T19:20:55","modified_gmt":"2014-06-30T18:20:55","slug":"nach-dem-aus-der-nachtgespraeche-im-deutschlandradio-kultur","status":"publish","type":"post","link":"https:\/\/dabars.de\/blog\/nach-dem-aus-der-nachtgespraeche-im-deutschlandradio-kultur\/","title":{"rendered":"Nach dem Aus der &#8222;Nachtgespr\u00e4che&#8220; im Deutschlandradio Kultur"},"content":{"rendered":"<p>Zum 21. Juni 2014 \u00e4nderte Deutschlandradio Kultur sein Programm. Alte Sendungen fielen weg, neue kamen dazu. Das bisher ausgestrahlte &#8222;Radiofeuilleton&#8220; &#8211; eine Mischung aus Gespr\u00e4ch, Literatur und Musik &#8211; wurde in entsprechende Einzelsendungen aufgeteilt. So weit, so gut.<br \/>\nEinige Kritik gibt&#8217;s allerdings zu einer \u00c4nderung im Nachtprogramm: Die bisher ausgestrahlte H\u00f6rertalksendung &#8222;2254&#8220; wurde gestrichen. Sehr schnell bildete sich im sozialen Netzwerk &#8222;Facebook&#8220; eine Gruppe, die f\u00fcr den Erhalt der Sendung k\u00e4mpfte und zehn Tage nach der letzten Sendung weiterhin aktiv ist. Kurz vor dieser letzten Sendung wurde zudem eine Online-Petition gegen die Streichung der n\u00e4chtlichen Gespr\u00e4chssendung gestartet. Bis heute haben bereits \u00fcber 2000 Unterst\u00fctzer unterzeichnet, die Zahl der t\u00e4glich hinzukommenden Unterschriften geht jedoch zur\u00fcck. Beim Kurznachrichtendienst &#8222;Twitter&#8220; findet der Protest unter dem Hashtag &#8222;#rettet2254&#8220; statt. Zwar nicht von 2000 Leuten, aber einige H\u00f6rer der Sendung twittern t\u00e4glich und \u00e4u\u00dfern damit ihre Kritik an der Reform.<br \/>\nAuch ich habe die Sendung immer gerne geh\u00f6rt und mich von Zeit zu Zeit auch selbst beteiligt. Durch die Meinungsvielfalt und die Lebenserfahrungen der Anrufer wurde die Sendung fester Bestandteil meines Medienkonsums. \u00dcber vier Jahre schaltete ich regelm\u00e4\u00dfig um 1 Uhr das Radioger\u00e4t ein. F\u00fcr mich hat die Programmreform des Deutschlandradios so nur einen wirklichen Vorteil: Ich habe eine Stunde mehr Schlaf. \ud83d\ude42<\/p>\n","protected":false},"excerpt":{"rendered":"<p>Zum 21. Juni 2014 \u00e4nderte Deutschlandradio Kultur sein Programm. Alte Sendungen fielen weg, neue kamen dazu. Das bisher ausgestrahlte &#8222;Radiofeuilleton&#8220; &#8211; eine Mischung aus Gespr\u00e4ch, Literatur und Musik &#8211; wurde in entsprechende Einzelsendungen aufgeteilt. So weit, so gut. Einige Kritik gibt&#8217;s allerdings zu einer \u00c4nderung im Nachtprogramm: Die bisher ausgestrahlte H\u00f6rertalksendung &#8222;2254&#8220; wurde gestrichen. Sehr [&hellip;]<\/p>\n","protected":false},"author":2,"featured_media":0,"comment_status":"closed","ping_status":"closed","sticky":false,"template":"","format":"standard","meta":{"footnotes":""},"categories":[5],"tags":[24,28],"class_list":["post-34","post","type-post","status-publish","format-standard","hentry","category-radio","tag-petition","tag-talk"],"_links":{"self":[{"href":"https:\/\/dabars.de\/blog\/wp-json\/wp\/v2\/posts\/34","targetHints":{"allow":["GET"]}}],"collection":[{"href":"https:\/\/dabars.de\/blog\/wp-json\/wp\/v2\/posts"}],"about":[{"href":"https:\/\/dabars.de\/blog\/wp-json\/wp\/v2\/types\/post"}],"author":[{"embeddable":true,"href":"https:\/\/dabars.de\/blog\/wp-json\/wp\/v2\/users\/2"}],"replies":[{"embeddable":true,"href":"https:\/\/dabars.de\/blog\/wp-json\/wp\/v2\/comments?post=34"}],"version-history":[{"count":0,"href":"https:\/\/dabars.de\/blog\/wp-json\/wp\/v2\/posts\/34\/revisions"}],"wp:attachment":[{"href":"https:\/\/dabars.de\/blog\/wp-json\/wp\/v2\/media?parent=34"}],"wp:term":[{"taxonomy":"category","embeddable":true,"href":"https:\/\/dabars.de\/blog\/wp-json\/wp\/v2\/categories?post=34"},{"taxonomy":"post_tag","embeddable":true,"href":"https:\/\/dabars.de\/blog\/wp-json\/wp\/v2\/tags?post=34"}],"curies":[{"name":"wp","href":"https:\/\/api.w.org\/{rel}","templated":true}]}}